{"id":219,"date":"2017-08-05T22:31:57","date_gmt":"2017-08-05T20:31:57","guid":{"rendered":"http:\/\/www.friede.it\/scrittore\/?p=219"},"modified":"2021-07-17T07:48:44","modified_gmt":"2021-07-17T05:48:44","slug":"il-ponte-delle-vivene","status":"publish","type":"post","link":"https:\/\/www.friede.it\/scrittore\/lemieletture\/il-ponte-delle-vivene\/","title":{"rendered":"Il ponte delle Vivene"},"content":{"rendered":"\n<div class=\"wp-block-cover has-background-dim\" style=\"background-image:url(https:\/\/www.friede.it\/scrittore\/wp-content\/uploads\/2017\/08\/download-9-e1503751855638.jpg)\"><div class=\"wp-block-cover__inner-container is-layout-flow wp-block-cover-is-layout-flow\">\n<p class=\"has-text-align-center has-large-font-size\">di Andrea Vidotto<\/p>\n<\/div><\/div>\n\n\n\n<hr class=\"wp-block-separator is-style-wide\"\/>\n\n\n\n<blockquote class=\"wp-block-quote\"><p>Molto bella la prosa, ricercata. Si sente che l&#8217;Autore \u00e8 estremamente preparato. A tratti per\u00f2 sconfina nella pesantezza e nell&#8217;autocompiacimento.<\/p><p>Personalmente l&#8217;ho trovato troppo descrittivo e raccontato, con una trama molto ridotta, personaggi poco delineati e memorabili e dialoghi quasi assenti.<\/p><p>Okay, letto, ma non mi ha fatto impazzire.<\/p><\/blockquote>\n\n\n\n<hr class=\"wp-block-separator\"\/>\n\n\n\n<div class=\"wp-block-columns has-2-columns is-layout-flex wp-container-4 wp-block-columns-is-layout-flex\">\n<div class=\"wp-block-column is-layout-flow wp-block-column-is-layout-flow\">\n<div class=\"wp-block-image\"><figure class=\"alignright\"><img decoding=\"async\" loading=\"lazy\" width=\"180\" height=\"240\" src=\"https:\/\/www.friede.it\/scrittore\/wp-content\/uploads\/2017\/08\/download-9-e1503751855638.jpg\" alt=\"\" class=\"wp-image-214\"\/><\/figure><\/div>\n<\/div>\n\n\n\n<div class=\"wp-block-column is-layout-flow wp-block-column-is-layout-flow\">\n<p class=\"has-small-font-size\">XIXsecolo. Valchiusa \u00e8 un paese sperduto della Valle del Chiese. Un antico castello incastonato nella roccia ne domina la piazza, mentre lo strapiombo sul retro \u00e8 attraversato da un ponte di corda pencolante.&nbsp;Da secoli i montanari convivono con la Vivena, spirito ineffabile che ha membra e tratto di donna, memoria e destino della valle. Non sar\u00e0 facile per Giuseppina, proveniente dalle campagne trevigiane, integrarsi in un mondo di cui non conosce le tradizioni. Sposata da anni con Oreste, sente la mancanza di un figlio che la leghi per sempre a luoghi cos\u00ec nuovi per lei. Non esiter\u00e0 a incalzare la Vivena per ottenere la tanto agognata grazia.&nbsp;Imparer\u00e0 a sue spese che, se la Vivena \u00e8 capace di grandi slanci d\u2019amore nei confronti della comunit\u00e0 cui d\u00e0 protezione, non esiter\u00e0 a pretendere, a tempo debito, il prezzo di quanto accordato.<\/p>\n<\/div>\n<\/div>\n","protected":false},"excerpt":{"rendered":"<p>Molto bella la prosa, ricercata. Si sente che l&#8217;Autore \u00e8 estremamente preparato. A tratti per\u00f2 sconfina nella pesantezza e nell&#8217;autocompiacimento. Personalmente l&#8217;ho trovato troppo descrittivo e raccontato, con una trama molto ridotta, personaggi poco delineati<a class=\"read-more\" href=\"https:\/\/www.friede.it\/scrittore\/lemieletture\/il-ponte-delle-vivene\/\">Leggi di pi\u00f9<\/a><\/p>\n","protected":false},"author":1,"featured_media":214,"comment_status":"closed","ping_status":"closed","sticky":false,"template":"","format":"standard","meta":{"sfsi_plus_gutenberg_text_before_share":"","sfsi_plus_gutenberg_show_text_before_share":"","sfsi_plus_gutenberg_icon_type":"","sfsi_plus_gutenberg_icon_alignemt":"","sfsi_plus_gutenburg_max_per_row":"","footnotes":""},"categories":[5],"tags":[77,76,96,48],"_links":{"self":[{"href":"https:\/\/www.friede.it\/scrittore\/wp-json\/wp\/v2\/posts\/219"}],"collection":[{"href":"https:\/\/www.friede.it\/scrittore\/wp-json\/wp\/v2\/posts"}],"about":[{"href":"https:\/\/www.friede.it\/scrittore\/wp-json\/wp\/v2\/types\/post"}],"author":[{"embeddable":true,"href":"https:\/\/www.friede.it\/scrittore\/wp-json\/wp\/v2\/users\/1"}],"replies":[{"embeddable":true,"href":"https:\/\/www.friede.it\/scrittore\/wp-json\/wp\/v2\/comments?post=219"}],"version-history":[{"count":6,"href":"https:\/\/www.friede.it\/scrittore\/wp-json\/wp\/v2\/posts\/219\/revisions"}],"predecessor-version":[{"id":964,"href":"https:\/\/www.friede.it\/scrittore\/wp-json\/wp\/v2\/posts\/219\/revisions\/964"}],"wp:featuredmedia":[{"embeddable":true,"href":"https:\/\/www.friede.it\/scrittore\/wp-json\/wp\/v2\/media\/214"}],"wp:attachment":[{"href":"https:\/\/www.friede.it\/scrittore\/wp-json\/wp\/v2\/media?parent=219"}],"wp:term":[{"taxonomy":"category","embeddable":true,"href":"https:\/\/www.friede.it\/scrittore\/wp-json\/wp\/v2\/categories?post=219"},{"taxonomy":"post_tag","embeddable":true,"href":"https:\/\/www.friede.it\/scrittore\/wp-json\/wp\/v2\/tags?post=219"}],"curies":[{"name":"wp","href":"https:\/\/api.w.org\/{rel}","templated":true}]}}