{"id":389,"date":"2017-12-17T21:40:45","date_gmt":"2017-12-17T19:40:45","guid":{"rendered":"http:\/\/www.friede.it\/scrittore\/?p=389"},"modified":"2023-07-09T00:29:56","modified_gmt":"2023-07-08T22:29:56","slug":"the-ghostreader","status":"publish","type":"post","link":"https:\/\/www.friede.it\/scrittore\/imieiamici\/the-ghostreader\/","title":{"rendered":"The Ghostreader"},"content":{"rendered":"\n<div class=\"wp-block-columns is-layout-flex wp-container-3 wp-block-columns-is-layout-flex\">\n<div class=\"wp-block-column is-layout-flow wp-block-column-is-layout-flow\" style=\"flex-basis:33.33%\">\n<figure class=\"wp-block-image size-full\"><img decoding=\"async\" loading=\"lazy\" width=\"600\" height=\"1204\" src=\"https:\/\/www.friede.it\/scrittore\/wp-content\/uploads\/2023\/07\/Immagine-09-07-23-00.23.jpg\" alt=\"\" class=\"wp-image-1291\" srcset=\"https:\/\/www.friede.it\/scrittore\/wp-content\/uploads\/2023\/07\/Immagine-09-07-23-00.23.jpg 600w, https:\/\/www.friede.it\/scrittore\/wp-content\/uploads\/2023\/07\/Immagine-09-07-23-00.23-100x200.jpg 100w, https:\/\/www.friede.it\/scrittore\/wp-content\/uploads\/2023\/07\/Immagine-09-07-23-00.23-520x1043.jpg 520w\" sizes=\"(max-width: 600px) 100vw, 600px\" \/><\/figure>\n<\/div>\n\n\n\n<div class=\"wp-block-column is-layout-flow wp-block-column-is-layout-flow\" style=\"flex-basis:66.66%\">\n<p>Un incontro casuale quanto magico, quello avuto con Vania Russo (<a rel=\"noreferrer noopener\" href=\"https:\/\/www.theghostreader.it\" target=\"_blank\">qui il collegamento al suo sito<\/a>). <br>Mi attendevo una lezione frontale sui princ\u00ecpi della scrittura e mi sono trovato a chiacchierare piacevolmente con un gruppo di persone stupende, mediamente assai pi\u00f9 addentro di me al mestiere di scrivere, proporre, pubblicare.<br>Vania \u00e8 una professionista rara, che coniuga un&#8217;evidente capacit\u00e0 di insegnamento e una conoscenza notevole degli strumenti, dei metodi e dell&#8217;ambiente, con una naturale umilt\u00e0.<br>Non so dove mi porter\u00e0 la mia collaborazione con lei, ma per ora la trovo assai piacevole, sento che mi aiuta a crescere e quindi sono desideroso di scoprirlo.<\/p>\n\n\n\n<hr class=\"wp-block-separator has-alpha-channel-opacity\"\/>\n\n\n\n<p>Aggiornamento: passati alcuni anni, Vania Russo \u00e8 la mia insostituibile editor di riferimento. I suoi suggerimenti delicati ma ficcanti riescono a far emergere il meglio di quel che scrivo.<\/p>\n\n\n\n<p><\/p>\n<\/div>\n<\/div>\n","protected":false},"excerpt":{"rendered":"<p>Un incontro casuale quanto magico, quello avuto con Vania Russo (qui il collegamento al suo sito). Mi attendevo una lezione frontale sui princ\u00ecpi della scrittura e mi sono trovato a chiacchierare piacevolmente con un gruppo<a class=\"read-more\" href=\"https:\/\/www.friede.it\/scrittore\/imieiamici\/the-ghostreader\/\">Leggi di pi\u00f9<\/a><\/p>\n","protected":false},"author":1,"featured_media":422,"comment_status":"closed","ping_status":"closed","sticky":false,"template":"","format":"link","meta":{"sfsi_plus_gutenberg_text_before_share":"","sfsi_plus_gutenberg_show_text_before_share":"","sfsi_plus_gutenberg_icon_type":"","sfsi_plus_gutenberg_icon_alignemt":"","sfsi_plus_gutenburg_max_per_row":"","footnotes":""},"categories":[6],"tags":[21,24,26,25,30,29],"_links":{"self":[{"href":"https:\/\/www.friede.it\/scrittore\/wp-json\/wp\/v2\/posts\/389"}],"collection":[{"href":"https:\/\/www.friede.it\/scrittore\/wp-json\/wp\/v2\/posts"}],"about":[{"href":"https:\/\/www.friede.it\/scrittore\/wp-json\/wp\/v2\/types\/post"}],"author":[{"embeddable":true,"href":"https:\/\/www.friede.it\/scrittore\/wp-json\/wp\/v2\/users\/1"}],"replies":[{"embeddable":true,"href":"https:\/\/www.friede.it\/scrittore\/wp-json\/wp\/v2\/comments?post=389"}],"version-history":[{"count":5,"href":"https:\/\/www.friede.it\/scrittore\/wp-json\/wp\/v2\/posts\/389\/revisions"}],"predecessor-version":[{"id":1292,"href":"https:\/\/www.friede.it\/scrittore\/wp-json\/wp\/v2\/posts\/389\/revisions\/1292"}],"wp:featuredmedia":[{"embeddable":true,"href":"https:\/\/www.friede.it\/scrittore\/wp-json\/wp\/v2\/media\/422"}],"wp:attachment":[{"href":"https:\/\/www.friede.it\/scrittore\/wp-json\/wp\/v2\/media?parent=389"}],"wp:term":[{"taxonomy":"category","embeddable":true,"href":"https:\/\/www.friede.it\/scrittore\/wp-json\/wp\/v2\/categories?post=389"},{"taxonomy":"post_tag","embeddable":true,"href":"https:\/\/www.friede.it\/scrittore\/wp-json\/wp\/v2\/tags?post=389"}],"curies":[{"name":"wp","href":"https:\/\/api.w.org\/{rel}","templated":true}]}}