{"id":764,"date":"2019-04-26T21:10:03","date_gmt":"2019-04-26T19:10:03","guid":{"rendered":"http:\/\/www.friede.it\/scrittore\/?p=764"},"modified":"2021-07-15T16:17:17","modified_gmt":"2021-07-15T14:17:17","slug":"il-commissario-bordelli","status":"publish","type":"post","link":"https:\/\/www.friede.it\/scrittore\/lemieletture\/il-commissario-bordelli\/","title":{"rendered":"Il commissario Bordelli"},"content":{"rendered":"\n<div class=\"wp-block-cover has-background-dim\" style=\"background-image:url(https:\/\/www.friede.it\/scrittore\/wp-content\/uploads\/2019\/04\/Libro-commissario_bordelli.jpg)\"><div class=\"wp-block-cover__inner-container is-layout-flow wp-block-cover-is-layout-flow\">\n<p class=\"has-text-align-center has-large-font-size\">di Marco Vichi<\/p>\n<\/div><\/div>\n\n\n\n<hr class=\"wp-block-separator\"\/>\n\n\n\n<blockquote class=\"wp-block-quote\"><p>La mia perenne <em>recherche<\/em> del thriller perfetto mi ha portato al primo libro della serie, di cui il pi\u00f9 bello mi dicono essere &#8216;Morte a Firenze&#8217;. Ci arriver\u00f2, ma anche qui siamo ad alto livello.<\/p><p>Il caldo in cui vive il commissario lo senti, il personaggio lo ami fin da subito. Forse non ho percepito tanto Firenze, citt\u00e0 che amo e conosco, ma per il resto ho apprezzato moltissimo lo stile, il ritmo rilassato da polizia d&#8217;altri tempi, che fa un po&#8217; Simenon (e non pu\u00f2 essere che un complimento).<\/p><p>L&#8217;indagine \u00e8 centrale ma non cos\u00ec fondamentale, sovrastata dalla grande capacit\u00e0 di Vichi di raccontare, di delineare i personaggi, proprio tutti. Cos\u00ec i &#8216;cattivi&#8217; sono persone piccole, tipiche di quell&#8217;Italietta degli anni sessanta, i vecchi nobili fiorentini sono tutti ricordi di antichi fasti e ragnatele.<\/p><p>\u00c8 un libro che lascia un buon sapore, quello dell&#8217;umanit\u00e0 e del naturale senso della giustizia, ma soprattutto dell&#8217;ingiustizia, di cui Franco Bordelli \u00e8 dotato. Quello delle serate fra amici, del cameratismo che gli fa accogliere Piras, figlio di un compagno d&#8217;armi, quasi come fosse figlio suo. Quello dell&#8217;amicizia folle e contrastata col cugino, corpo estraneo nella vicenda, ma che ci sta nel caratterizzare il protagonista.<\/p><p>Non amo particolarmente le serie, ma mi sa che quella del commissario Bordelli la legger\u00f2 tutta, e cos\u00ec consiglio anche a voi.<\/p><\/blockquote>\n\n\n\n<hr class=\"wp-block-separator\"\/>\n\n\n\n<div class=\"wp-block-columns has-2-columns is-layout-flex wp-container-4 wp-block-columns-is-layout-flex\">\n<div class=\"wp-block-column is-layout-flow wp-block-column-is-layout-flow\">\n<div class=\"wp-block-image\"><figure class=\"alignright\"><img decoding=\"async\" loading=\"lazy\" width=\"153\" height=\"240\" src=\"https:\/\/www.friede.it\/scrittore\/wp-content\/uploads\/2019\/04\/Libro-commissario_bordelli.jpg\" alt=\"\" class=\"wp-image-765\" srcset=\"https:\/\/www.friede.it\/scrittore\/wp-content\/uploads\/2019\/04\/Libro-commissario_bordelli.jpg 153w, https:\/\/www.friede.it\/scrittore\/wp-content\/uploads\/2019\/04\/Libro-commissario_bordelli-128x200.jpg 128w\" sizes=\"(max-width: 153px) 100vw, 153px\" \/><\/figure><\/div>\n<\/div>\n\n\n\n<div class=\"wp-block-column is-layout-flow wp-block-column-is-layout-flow\">\n<p class=\"has-small-font-size\">Firenze, estate 1963. Nella stanza da letto di una villa settecentesca viene ritrovato il corpo senza vita di un&#8217;anziana signora. Sul comodino, un bicchiere con tracce di un medicinale contro l&#8217;asma. Il commissario Bordelli, cinquantenne, scapolo, ex partigiano, amico di ladri e prostitute, viene chiamato a guidare le indagini&#8230;<\/p>\n<\/div>\n<\/div>\n","protected":false},"excerpt":{"rendered":"<p>La mia perenne recherche del thriller perfetto mi ha portato al primo libro della serie, di cui il pi\u00f9 bello mi dicono essere &#8216;Morte a Firenze&#8217;. Ci arriver\u00f2, ma anche qui siamo ad alto livello.<a class=\"read-more\" href=\"https:\/\/www.friede.it\/scrittore\/lemieletture\/il-commissario-bordelli\/\">Leggi di pi\u00f9<\/a><\/p>\n","protected":false},"author":1,"featured_media":765,"comment_status":"closed","ping_status":"closed","sticky":false,"template":"","format":"standard","meta":{"sfsi_plus_gutenberg_text_before_share":"","sfsi_plus_gutenberg_show_text_before_share":"","sfsi_plus_gutenberg_icon_type":"","sfsi_plus_gutenberg_icon_alignemt":"","sfsi_plus_gutenburg_max_per_row":"","footnotes":""},"categories":[5],"tags":[121,143,142,11],"_links":{"self":[{"href":"https:\/\/www.friede.it\/scrittore\/wp-json\/wp\/v2\/posts\/764"}],"collection":[{"href":"https:\/\/www.friede.it\/scrittore\/wp-json\/wp\/v2\/posts"}],"about":[{"href":"https:\/\/www.friede.it\/scrittore\/wp-json\/wp\/v2\/types\/post"}],"author":[{"embeddable":true,"href":"https:\/\/www.friede.it\/scrittore\/wp-json\/wp\/v2\/users\/1"}],"replies":[{"embeddable":true,"href":"https:\/\/www.friede.it\/scrittore\/wp-json\/wp\/v2\/comments?post=764"}],"version-history":[{"count":2,"href":"https:\/\/www.friede.it\/scrittore\/wp-json\/wp\/v2\/posts\/764\/revisions"}],"predecessor-version":[{"id":949,"href":"https:\/\/www.friede.it\/scrittore\/wp-json\/wp\/v2\/posts\/764\/revisions\/949"}],"wp:featuredmedia":[{"embeddable":true,"href":"https:\/\/www.friede.it\/scrittore\/wp-json\/wp\/v2\/media\/765"}],"wp:attachment":[{"href":"https:\/\/www.friede.it\/scrittore\/wp-json\/wp\/v2\/media?parent=764"}],"wp:term":[{"taxonomy":"category","embeddable":true,"href":"https:\/\/www.friede.it\/scrittore\/wp-json\/wp\/v2\/categories?post=764"},{"taxonomy":"post_tag","embeddable":true,"href":"https:\/\/www.friede.it\/scrittore\/wp-json\/wp\/v2\/tags?post=764"}],"curies":[{"name":"wp","href":"https:\/\/api.w.org\/{rel}","templated":true}]}}